{"id":8142,"date":"2022-06-10T04:09:00","date_gmt":"2022-06-10T02:09:00","guid":{"rendered":"http:\/\/greener.rwdesarrollos.es\/audio-post-example\/"},"modified":"2022-06-29T10:55:32","modified_gmt":"2022-06-29T08:55:32","slug":"audio-post-example","status":"publish","type":"post","link":"https:\/\/greener.rwdesarrollos.es\/de\/audio-post-example\/","title":{"rendered":"Wir verf\u00fcgen \u00fcber die Zertifizierung nach ISO 14001"},"content":{"rendered":"<p>[vc_row][vc_column][vc_column_text]<\/p>\r\n&#13;\r\n<h3 class=\"wp-block-heading\">Wissen Sie, was das bedeutet?<\/h3>&#13;\r\n<p><\/p>Angesicht der weltweiten Sorge um die Umwelt hat die Internationale Organisation f\u00fcr Normung (ISO) die Schaffung einer internationalen Norm als Referenz f\u00fcr das Umweltengagement angesto\u00dfen. So entstand die Vorschrift ISO 14001, welche ein gemeinsames Werkzeug darstellt, um die Verpflichtungen der Organisationen, die die Umwelt sch\u00fctzen, zu vereinheitlichen und ihre Bem\u00fchungen zu bewerten.&#13;\r\n<p><\/p><p><\/p>\r\n<div class=\"wp-block-image wp-image-8293 size-large\">&#13;\r\n<figure class=\"aligncenter\"><img loading=\"lazy\" decoding=\"async\" width=\"1024\" height=\"586\" src=\"http:\/\/greener.rwdesarrollos.es\/wp-content\/uploads\/2018\/02\/noah-buscher-x8ZStukS2PM-unsplash-1024x586.jpg\" alt=\"Umwelt\" class=\"wp-image-8293\" srcset=\"https:\/\/greener.rwdesarrollos.es\/wp-content\/uploads\/2018\/02\/noah-buscher-x8ZStukS2PM-unsplash-1024x586.jpg 1024w, https:\/\/greener.rwdesarrollos.es\/wp-content\/uploads\/2018\/02\/noah-buscher-x8ZStukS2PM-unsplash-300x172.jpg 300w, https:\/\/greener.rwdesarrollos.es\/wp-content\/uploads\/2018\/02\/noah-buscher-x8ZStukS2PM-unsplash-768x440.jpg 768w, https:\/\/greener.rwdesarrollos.es\/wp-content\/uploads\/2018\/02\/noah-buscher-x8ZStukS2PM-unsplash-1536x880.jpg 1536w, https:\/\/greener.rwdesarrollos.es\/wp-content\/uploads\/2018\/02\/noah-buscher-x8ZStukS2PM-unsplash-2048x1173.jpg 2048w\" sizes=\"auto, (max-width: 1024px) 100vw, 1024px\" \/><figcaption>Quelle: unsplash.com<\/figcaption><\/figure><p><\/p><\/div><p><\/p>\r\n&#13;\r\n<h3 class=\"wp-block-heading\">Ziel<\/h3>&#13;\r\n<p><\/p>Das auf der Vorschrift UNE EN ISO 14001 basierende Umweltmanagementsystem basiert grunds\u00e4tzlich auf den folgenden Bl\u00f6cken:&#13;\r\n<p><\/p>a) Kontrolle der geltenden Umweltvorschriften und deren Einhaltung. &#13;\r\n<p><\/p>b) Festlegung der umweltbezogenen Pr\u00e4ventions-, Kontroll- und \u00dcberwachungsma\u00dfnahmen bei den Produktionsprozessen.  &#13;\r\n<p><\/p>c) Festlegung der Umweltziele.&#13;\r\n<p><\/p><p><\/p>\r\n&#13;\r\n<h3 class=\"wp-block-heading\">Bedeutung<\/h3>&#13;\r\n<p><\/p>Sie zielt also darauf ab, die Umweltrisiken zu verringern, der Umweltverschmutzung vorzubeugen und die Umweltbelastungen der Unternehmen zu minimieren.&#13;\r\n<p><\/p>Diese Zertifizierung stellt eine Verpflichtung gegen\u00fcber der Umwelt dar und geht \u00fcber eine Erkl\u00e4rung von guten Absichten hinaus. Die Einhaltung von ISO 14001 \u00fcbersetzt sich in nachweisbare Tatsachen.&#13;\r\n<p><\/p><p><\/p>\r\n&#13;\r\n<h3 class=\"wp-block-heading\">Wie wir sie befolgen<\/h3>&#13;\r\n<p><\/p>Greener verf\u00fcgt \u00fcber eine von der Akkreditierungsstelle Bureau Veritas bescheinigte Umweltzertifizierung, die auf der Vorschrift UNE EN ISO 14001:2015 basiert.&#13;\r\n<p><\/p>Innerhalb unseres Managementsystems verf\u00fcgen wir \u00fcber Kontrollen, Ziele und Arbeitsanweisungen mit Umweltkriterien; Ebenso verf\u00fcgen wir \u00fcber effiziente und nachhaltige Ger\u00e4te, die geringe Umweltauswirkungen (Luftverschmutzung und L\u00e4rmentwicklung) generieren. Dar\u00fcber hinaus wenden wir Techniken an, anhand derer der Ressourcenverbrauch (Energie und Wasser) reduziert wird und arbeiten mit biologischen Produkten.&#13;\r\n<p><\/p><p><\/p>\r\n&#13;\r\n<h4 class=\"wp-block-heading\">Wir k\u00fcmmern uns um Ihren Garten und um den Planeten.<\/h4>&#13;\r\n<p><\/p><p><\/p>\r\n&#13;\r\n<p class=\"has-text-align-center\"><a href=\"http:\/\/greener.rwdesarrollos.es\/de\/contact\/\" target=\"_blank\" rel=\"noopener\">Erz\u00e4hlen Sie uns von Ihrem Projekt <\/a><\/p>&#13;\r\n<p><\/p><p>[\/vc_column_text][\/vc_column][\/vc_row]<\/p>\r\n","protected":false},"excerpt":{"rendered":"<p>If it\u2019s rained for a couple of days, lay off on watering, make sure your planters have drainage.<\/p>\n","protected":false},"author":1,"featured_media":8697,"comment_status":"closed","ping_status":"closed","sticky":false,"template":"","format":"standard","meta":{"footnotes":""},"categories":[276,275],"tags":[280,279,281],"class_list":["post-8142","post","type-post","status-publish","format-standard","has-post-thumbnail","hentry","category-nachhaltigkeit","category-umwelt","tag-nachhaltigkeit","tag-umwelt","tag-zertifizierung"],"yoast_head":"<!-- This site is optimized with the Yoast SEO plugin v19.8 - https:\/\/yoast.com\/wordpress\/plugins\/seo\/ -->\n<title>Wir verf\u00fcgen \u00fcber die Zertifizierung nach ISO 14001 | Greener, empresa de jardiner\u00eda en Mallorca<\/title>\n<meta name=\"robots\" content=\"noindex, follow, max-snippet:-1, max-image-preview:large, max-video-preview:-1\" \/>\n<meta property=\"og:locale\" content=\"de_DE\" \/>\n<meta property=\"og:type\" content=\"article\" \/>\n<meta property=\"og:title\" content=\"Wir verf\u00fcgen \u00fcber die Zertifizierung nach ISO 14001 | Greener, empresa de jardiner\u00eda en Mallorca\" \/>\n<meta property=\"og:description\" content=\"If it\u2019s rained for a couple of days, lay off on watering, make sure your planters have drainage.\" \/>\n<meta property=\"og:url\" content=\"https:\/\/greener.rwdesarrollos.es\/de\/audio-post-example\/\" \/>\n<meta property=\"og:site_name\" content=\"Greener, empresa de jardiner\u00eda en Mallorca\" \/>\n<meta property=\"article:published_time\" content=\"2022-06-10T02:09:00+00:00\" \/>\n<meta property=\"article:modified_time\" content=\"2022-06-29T08:55:32+00:00\" \/>\n<meta property=\"og:image\" content=\"https:\/\/greener.rwdesarrollos.es\/wp-content\/uploads\/2022\/06\/02-Greener-certificado-ISO-2.jpg\" \/>\n\t<meta property=\"og:image:width\" content=\"870\" \/>\n\t<meta property=\"og:image:height\" content=\"550\" \/>\n\t<meta property=\"og:image:type\" content=\"image\/jpeg\" \/>\n<meta name=\"author\" content=\"greener-rwadmin\" \/>\n<meta name=\"twitter:card\" content=\"summary_large_image\" \/>\n<meta name=\"twitter:label1\" content=\"Verfasst von\" \/>\n\t<meta name=\"twitter:data1\" content=\"greener-rwadmin\" \/>\n\t<meta name=\"twitter:label2\" content=\"Gesch\u00e4tzte Lesezeit\" \/>\n\t<meta name=\"twitter:data2\" content=\"1\u00a0Minute\" \/>\n<script type=\"application\/ld+json\" class=\"yoast-schema-graph\">{\"@context\":\"https:\/\/schema.org\",\"@graph\":[{\"@type\":\"Article\",\"@id\":\"https:\/\/greener.rwdesarrollos.es\/de\/audio-post-example\/#article\",\"isPartOf\":{\"@id\":\"https:\/\/greener.rwdesarrollos.es\/de\/audio-post-example\/\"},\"author\":{\"name\":\"greener-rwadmin\",\"@id\":\"https:\/\/greener.rwdesarrollos.es\/de\/#\/schema\/person\/baf771cc446c78569c01efbf70346a94\"},\"headline\":\"Wir verf\u00fcgen \u00fcber die Zertifizierung nach ISO 14001\",\"datePublished\":\"2022-06-10T02:09:00+00:00\",\"dateModified\":\"2022-06-29T08:55:32+00:00\",\"mainEntityOfPage\":{\"@id\":\"https:\/\/greener.rwdesarrollos.es\/de\/audio-post-example\/\"},\"wordCount\":272,\"publisher\":{\"@id\":\"https:\/\/greener.rwdesarrollos.es\/de\/#organization\"},\"keywords\":[\"Nachhaltigkeit\",\"Umwelt\",\"Zertifizierung\"],\"articleSection\":[\"Nachhaltigkeit\",\"Umwelt\"],\"inLanguage\":\"de\"},{\"@type\":\"WebPage\",\"@id\":\"https:\/\/greener.rwdesarrollos.es\/de\/audio-post-example\/\",\"url\":\"https:\/\/greener.rwdesarrollos.es\/de\/audio-post-example\/\",\"name\":\"Wir verf\u00fcgen \u00fcber die Zertifizierung nach ISO 14001 | Greener, empresa de jardiner\u00eda en Mallorca\",\"isPartOf\":{\"@id\":\"https:\/\/greener.rwdesarrollos.es\/de\/#website\"},\"datePublished\":\"2022-06-10T02:09:00+00:00\",\"dateModified\":\"2022-06-29T08:55:32+00:00\",\"breadcrumb\":{\"@id\":\"https:\/\/greener.rwdesarrollos.es\/de\/audio-post-example\/#breadcrumb\"},\"inLanguage\":\"de\",\"potentialAction\":[{\"@type\":\"ReadAction\",\"target\":[\"https:\/\/greener.rwdesarrollos.es\/de\/audio-post-example\/\"]}]},{\"@type\":\"BreadcrumbList\",\"@id\":\"https:\/\/greener.rwdesarrollos.es\/de\/audio-post-example\/#breadcrumb\",\"itemListElement\":[{\"@type\":\"ListItem\",\"position\":1,\"name\":\"Portada\",\"item\":\"https:\/\/greener.rwdesarrollos.es\/de\/\"},{\"@type\":\"ListItem\",\"position\":2,\"name\":\"Wir verf\u00fcgen \u00fcber die Zertifizierung nach ISO 14001\"}]},{\"@type\":\"WebSite\",\"@id\":\"https:\/\/greener.rwdesarrollos.es\/de\/#website\",\"url\":\"https:\/\/greener.rwdesarrollos.es\/de\/\",\"name\":\"Greener, empresa de jardiner\u00eda en Mallorca\",\"description\":\"Greener, empresa de jardiner\u00eda en Mallorca\",\"publisher\":{\"@id\":\"https:\/\/greener.rwdesarrollos.es\/de\/#organization\"},\"potentialAction\":[{\"@type\":\"SearchAction\",\"target\":{\"@type\":\"EntryPoint\",\"urlTemplate\":\"https:\/\/greener.rwdesarrollos.es\/de\/?s={search_term_string}\"},\"query-input\":\"required name=search_term_string\"}],\"inLanguage\":\"de\"},{\"@type\":\"Organization\",\"@id\":\"https:\/\/greener.rwdesarrollos.es\/de\/#organization\",\"name\":\"Greener\",\"url\":\"https:\/\/greener.rwdesarrollos.es\/de\/\",\"sameAs\":[],\"logo\":{\"@type\":\"ImageObject\",\"inLanguage\":\"de\",\"@id\":\"https:\/\/greener.rwdesarrollos.es\/de\/#\/schema\/logo\/image\/\",\"url\":\"http:\/\/greener.rwdesarrollos.es\/wp-content\/uploads\/2022\/04\/greener-logo-bk-img.png\",\"contentUrl\":\"http:\/\/greener.rwdesarrollos.es\/wp-content\/uploads\/2022\/04\/greener-logo-bk-img.png\",\"width\":298,\"height\":70,\"caption\":\"Greener\"},\"image\":{\"@id\":\"https:\/\/greener.rwdesarrollos.es\/de\/#\/schema\/logo\/image\/\"}},{\"@type\":\"Person\",\"@id\":\"https:\/\/greener.rwdesarrollos.es\/de\/#\/schema\/person\/baf771cc446c78569c01efbf70346a94\",\"name\":\"greener-rwadmin\",\"image\":{\"@type\":\"ImageObject\",\"inLanguage\":\"de\",\"@id\":\"https:\/\/greener.rwdesarrollos.es\/de\/#\/schema\/person\/image\/\",\"url\":\"https:\/\/secure.gravatar.com\/avatar\/89d23327846c31e74c280d4ed4a996d27611d1a9c0e3b329e2328540b63545d6?s=96&d=mm&r=g\",\"contentUrl\":\"https:\/\/secure.gravatar.com\/avatar\/89d23327846c31e74c280d4ed4a996d27611d1a9c0e3b329e2328540b63545d6?s=96&d=mm&r=g\",\"caption\":\"greener-rwadmin\"},\"sameAs\":[\"http:\/\/greener.rwdesarrollos.es\"],\"url\":\"https:\/\/greener.rwdesarrollos.es\/de\/author\/greener-rwadmin\/\"}]}<\/script>\n<!-- \/ Yoast SEO plugin. -->","yoast_head_json":{"title":"Wir verf\u00fcgen \u00fcber die Zertifizierung nach ISO 14001 | Greener, empresa de jardiner\u00eda en Mallorca","robots":{"index":"noindex","follow":"follow","max-snippet":"max-snippet:-1","max-image-preview":"max-image-preview:large","max-video-preview":"max-video-preview:-1"},"og_locale":"de_DE","og_type":"article","og_title":"Wir verf\u00fcgen \u00fcber die Zertifizierung nach ISO 14001 | Greener, empresa de jardiner\u00eda en Mallorca","og_description":"If it\u2019s rained for a couple of days, lay off on watering, make sure your planters have drainage.","og_url":"https:\/\/greener.rwdesarrollos.es\/de\/audio-post-example\/","og_site_name":"Greener, empresa de jardiner\u00eda en Mallorca","article_published_time":"2022-06-10T02:09:00+00:00","article_modified_time":"2022-06-29T08:55:32+00:00","og_image":[{"width":870,"height":550,"url":"https:\/\/greener.rwdesarrollos.es\/wp-content\/uploads\/2022\/06\/02-Greener-certificado-ISO-2.jpg","type":"image\/jpeg"}],"author":"greener-rwadmin","twitter_card":"summary_large_image","twitter_misc":{"Verfasst von":"greener-rwadmin","Gesch\u00e4tzte Lesezeit":"1\u00a0Minute"},"schema":{"@context":"https:\/\/schema.org","@graph":[{"@type":"Article","@id":"https:\/\/greener.rwdesarrollos.es\/de\/audio-post-example\/#article","isPartOf":{"@id":"https:\/\/greener.rwdesarrollos.es\/de\/audio-post-example\/"},"author":{"name":"greener-rwadmin","@id":"https:\/\/greener.rwdesarrollos.es\/de\/#\/schema\/person\/baf771cc446c78569c01efbf70346a94"},"headline":"Wir verf\u00fcgen \u00fcber die Zertifizierung nach ISO 14001","datePublished":"2022-06-10T02:09:00+00:00","dateModified":"2022-06-29T08:55:32+00:00","mainEntityOfPage":{"@id":"https:\/\/greener.rwdesarrollos.es\/de\/audio-post-example\/"},"wordCount":272,"publisher":{"@id":"https:\/\/greener.rwdesarrollos.es\/de\/#organization"},"keywords":["Nachhaltigkeit","Umwelt","Zertifizierung"],"articleSection":["Nachhaltigkeit","Umwelt"],"inLanguage":"de"},{"@type":"WebPage","@id":"https:\/\/greener.rwdesarrollos.es\/de\/audio-post-example\/","url":"https:\/\/greener.rwdesarrollos.es\/de\/audio-post-example\/","name":"Wir verf\u00fcgen \u00fcber die Zertifizierung nach ISO 14001 | Greener, empresa de jardiner\u00eda en Mallorca","isPartOf":{"@id":"https:\/\/greener.rwdesarrollos.es\/de\/#website"},"datePublished":"2022-06-10T02:09:00+00:00","dateModified":"2022-06-29T08:55:32+00:00","breadcrumb":{"@id":"https:\/\/greener.rwdesarrollos.es\/de\/audio-post-example\/#breadcrumb"},"inLanguage":"de","potentialAction":[{"@type":"ReadAction","target":["https:\/\/greener.rwdesarrollos.es\/de\/audio-post-example\/"]}]},{"@type":"BreadcrumbList","@id":"https:\/\/greener.rwdesarrollos.es\/de\/audio-post-example\/#breadcrumb","itemListElement":[{"@type":"ListItem","position":1,"name":"Portada","item":"https:\/\/greener.rwdesarrollos.es\/de\/"},{"@type":"ListItem","position":2,"name":"Wir verf\u00fcgen \u00fcber die Zertifizierung nach ISO 14001"}]},{"@type":"WebSite","@id":"https:\/\/greener.rwdesarrollos.es\/de\/#website","url":"https:\/\/greener.rwdesarrollos.es\/de\/","name":"Greener, empresa de jardiner\u00eda en Mallorca","description":"Greener, empresa de jardiner\u00eda en Mallorca","publisher":{"@id":"https:\/\/greener.rwdesarrollos.es\/de\/#organization"},"potentialAction":[{"@type":"SearchAction","target":{"@type":"EntryPoint","urlTemplate":"https:\/\/greener.rwdesarrollos.es\/de\/?s={search_term_string}"},"query-input":"required name=search_term_string"}],"inLanguage":"de"},{"@type":"Organization","@id":"https:\/\/greener.rwdesarrollos.es\/de\/#organization","name":"Greener","url":"https:\/\/greener.rwdesarrollos.es\/de\/","sameAs":[],"logo":{"@type":"ImageObject","inLanguage":"de","@id":"https:\/\/greener.rwdesarrollos.es\/de\/#\/schema\/logo\/image\/","url":"http:\/\/greener.rwdesarrollos.es\/wp-content\/uploads\/2022\/04\/greener-logo-bk-img.png","contentUrl":"http:\/\/greener.rwdesarrollos.es\/wp-content\/uploads\/2022\/04\/greener-logo-bk-img.png","width":298,"height":70,"caption":"Greener"},"image":{"@id":"https:\/\/greener.rwdesarrollos.es\/de\/#\/schema\/logo\/image\/"}},{"@type":"Person","@id":"https:\/\/greener.rwdesarrollos.es\/de\/#\/schema\/person\/baf771cc446c78569c01efbf70346a94","name":"greener-rwadmin","image":{"@type":"ImageObject","inLanguage":"de","@id":"https:\/\/greener.rwdesarrollos.es\/de\/#\/schema\/person\/image\/","url":"https:\/\/secure.gravatar.com\/avatar\/89d23327846c31e74c280d4ed4a996d27611d1a9c0e3b329e2328540b63545d6?s=96&d=mm&r=g","contentUrl":"https:\/\/secure.gravatar.com\/avatar\/89d23327846c31e74c280d4ed4a996d27611d1a9c0e3b329e2328540b63545d6?s=96&d=mm&r=g","caption":"greener-rwadmin"},"sameAs":["http:\/\/greener.rwdesarrollos.es"],"url":"https:\/\/greener.rwdesarrollos.es\/de\/author\/greener-rwadmin\/"}]}},"_links":{"self":[{"href":"https:\/\/greener.rwdesarrollos.es\/de\/wp-json\/wp\/v2\/posts\/8142","targetHints":{"allow":["GET"]}}],"collection":[{"href":"https:\/\/greener.rwdesarrollos.es\/de\/wp-json\/wp\/v2\/posts"}],"about":[{"href":"https:\/\/greener.rwdesarrollos.es\/de\/wp-json\/wp\/v2\/types\/post"}],"author":[{"embeddable":true,"href":"https:\/\/greener.rwdesarrollos.es\/de\/wp-json\/wp\/v2\/users\/1"}],"replies":[{"embeddable":true,"href":"https:\/\/greener.rwdesarrollos.es\/de\/wp-json\/wp\/v2\/comments?post=8142"}],"version-history":[{"count":5,"href":"https:\/\/greener.rwdesarrollos.es\/de\/wp-json\/wp\/v2\/posts\/8142\/revisions"}],"predecessor-version":[{"id":8641,"href":"https:\/\/greener.rwdesarrollos.es\/de\/wp-json\/wp\/v2\/posts\/8142\/revisions\/8641"}],"wp:featuredmedia":[{"embeddable":true,"href":"https:\/\/greener.rwdesarrollos.es\/de\/wp-json\/wp\/v2\/media\/8697"}],"wp:attachment":[{"href":"https:\/\/greener.rwdesarrollos.es\/de\/wp-json\/wp\/v2\/media?parent=8142"}],"wp:term":[{"taxonomy":"category","embeddable":true,"href":"https:\/\/greener.rwdesarrollos.es\/de\/wp-json\/wp\/v2\/categories?post=8142"},{"taxonomy":"post_tag","embeddable":true,"href":"https:\/\/greener.rwdesarrollos.es\/de\/wp-json\/wp\/v2\/tags?post=8142"}],"curies":[{"name":"wp","href":"https:\/\/api.w.org\/{rel}","templated":true}]}}