{"id":8642,"date":"2022-06-16T11:44:32","date_gmt":"2022-06-16T09:44:32","guid":{"rendered":"http:\/\/greener.rwdesarrollos.es\/jardines-greener-einzigartige-raeume\/"},"modified":"2022-06-29T11:42:25","modified_gmt":"2022-06-29T09:42:25","slug":"jardines-greener-einzigartige-raeume","status":"publish","type":"post","link":"https:\/\/greener.rwdesarrollos.es\/de\/jardines-greener-einzigartige-raeume\/","title":{"rendered":"Jardines Greener: einzigartige R\u00e4ume"},"content":{"rendered":"<p>[vc_row][vc_column][vc_column_text]<\/p>\r\n&#13;\r\n&#13;\r\n<p>&#13;\r\n<\/p>&#13;\r\nNachhaltigkeit und Gr\u00fcn als Hauptdarsteller. Zwei Pr\u00e4missen, die bei diesem Projekt ganz klar waren. Au\u00dferdem sollte es Ruhe und ein mediterranes Flair ausstrahlen.&#13;\r\n<p>&#13;\r\n<\/p><\/p>\r\n&#13;\r\n&#13;\r\n<p class=\"has-text-align-center\">Das Ergebnis? Ein gem\u00fctlicher, \u00f6kologischer und moderner Garten. Wenn Sie all seine Details erkunden m\u00f6chten, verpassen Sie nicht diesen Post!<\/p>&#13;\r\n<p>&#13;\r\n<\/p><\/p>\r\n&#13;\r\n&#13;\r\n<h3 class=\"wp-block-heading\">Naturrasen in Soden<\/h3>&#13;\r\n<p>&#13;\r\n<\/p>&#13;\r\nWir haben Naturrasen in Grassoden verlegt. So erhielten wir ein sofortiges Ergebnis, ohne warten zu m\u00fcssen, dass die Samen wachsen, da das bis zu zwei Monaten dauern kann. Wir rollten den Rasen einfach aus, als handele es sich um einen Teppich, und schon war er gepflanzt! Es gibt viele Sorten Naturrasen; wir haben uns f\u00fcr den entschieden, der sich am besten an das mediterrane Klima anpasst, um einen \u00fcberm\u00e4\u00dfigen Wasserverbrauch zu vermeiden.Eine verantwortungsvolle Nutzung der energetischen Ressourcen ist eines unserer Hauptziele. Aus diesem Grund haben wir uns f\u00fcr die unterirdische, ferngesteuerte Tropfbew\u00e4sserung entschieden.&#13;\r\n<p>&#13;\r\n<\/p><\/p>\r\n\r\n<\/p>\r\n<div class=\"wp-block-group\"><div class=\"wp-block-group__inner-container is-layout-flow wp-block-group-is-layout-flow\">\r\n\r\n<div class=\"wp-block-columns is-layout-flex wp-container-core-columns-is-layout-9d6595d7 wp-block-columns-is-layout-flex\">\r\n\r\n<div class=\"wp-block-column is-layout-flow wp-block-column-is-layout-flow\">\r\n&#13;\r\n<figure class=\"wp-block-image size-large\"><img loading=\"lazy\" decoding=\"async\" width=\"1024\" height=\"768\" src=\"http:\/\/greener.rwdesarrollos.es\/wp-content\/uploads\/2022\/06\/PHOTO-2022-05-20-10-30-47-1-1024x768.jpg\" alt=\"\" class=\"wp-image-8352\" srcset=\"https:\/\/greener.rwdesarrollos.es\/wp-content\/uploads\/2022\/06\/PHOTO-2022-05-20-10-30-47-1-1024x768.jpg 1024w, https:\/\/greener.rwdesarrollos.es\/wp-content\/uploads\/2022\/06\/PHOTO-2022-05-20-10-30-47-1-300x225.jpg 300w, https:\/\/greener.rwdesarrollos.es\/wp-content\/uploads\/2022\/06\/PHOTO-2022-05-20-10-30-47-1-768x576.jpg 768w, https:\/\/greener.rwdesarrollos.es\/wp-content\/uploads\/2022\/06\/PHOTO-2022-05-20-10-30-47-1-1536x1152.jpg 1536w, https:\/\/greener.rwdesarrollos.es\/wp-content\/uploads\/2022\/06\/PHOTO-2022-05-20-10-30-47-1.jpg 2048w\" sizes=\"auto, (max-width: 1024px) 100vw, 1024px\" \/><\/figure><p>&#13;\r\n<\/p>\r\n<\/div>\r\n<p>\r\n\r\n<br \/>\r\n\r\n<\/p>\r\n<div class=\"wp-block-column is-layout-flow wp-block-column-is-layout-flow\">\r\n&#13;\r\n<figure class=\"wp-block-image size-large\"><img loading=\"lazy\" decoding=\"async\" width=\"1024\" height=\"768\" src=\"http:\/\/greener.rwdesarrollos.es\/wp-content\/uploads\/2022\/06\/PHOTO-2022-05-20-10-30-461-1-1024x768.jpg\" alt=\"\" class=\"wp-image-8355\" srcset=\"https:\/\/greener.rwdesarrollos.es\/wp-content\/uploads\/2022\/06\/PHOTO-2022-05-20-10-30-461-1-1024x768.jpg 1024w, https:\/\/greener.rwdesarrollos.es\/wp-content\/uploads\/2022\/06\/PHOTO-2022-05-20-10-30-461-1-300x225.jpg 300w, https:\/\/greener.rwdesarrollos.es\/wp-content\/uploads\/2022\/06\/PHOTO-2022-05-20-10-30-461-1-768x576.jpg 768w, https:\/\/greener.rwdesarrollos.es\/wp-content\/uploads\/2022\/06\/PHOTO-2022-05-20-10-30-461-1-1536x1152.jpg 1536w, https:\/\/greener.rwdesarrollos.es\/wp-content\/uploads\/2022\/06\/PHOTO-2022-05-20-10-30-461-1.jpg 2048w\" sizes=\"auto, (max-width: 1024px) 100vw, 1024px\" \/><\/figure><p>&#13;\r\n<\/p>\r\n<\/div>\r\n<p>\r\n\r\n<br \/>\r\n\r\n<\/p>\r\n<div class=\"wp-block-column is-layout-flow wp-block-column-is-layout-flow\">\r\n&#13;\r\n<figure class=\"wp-block-image size-large\"><img loading=\"lazy\" decoding=\"async\" width=\"1024\" height=\"768\" src=\"http:\/\/greener.rwdesarrollos.es\/wp-content\/uploads\/2022\/06\/PHOTO-2022-05-20-10-30-43-1024x768.jpg\" alt=\"\" class=\"wp-image-8349\" srcset=\"https:\/\/greener.rwdesarrollos.es\/wp-content\/uploads\/2022\/06\/PHOTO-2022-05-20-10-30-43-1024x768.jpg 1024w, https:\/\/greener.rwdesarrollos.es\/wp-content\/uploads\/2022\/06\/PHOTO-2022-05-20-10-30-43-300x225.jpg 300w, https:\/\/greener.rwdesarrollos.es\/wp-content\/uploads\/2022\/06\/PHOTO-2022-05-20-10-30-43-768x576.jpg 768w, https:\/\/greener.rwdesarrollos.es\/wp-content\/uploads\/2022\/06\/PHOTO-2022-05-20-10-30-43-1536x1152.jpg 1536w, https:\/\/greener.rwdesarrollos.es\/wp-content\/uploads\/2022\/06\/PHOTO-2022-05-20-10-30-43.jpg 2048w\" sizes=\"auto, (max-width: 1024px) 100vw, 1024px\" \/><\/figure><p>&#13;\r\n<\/p>\r\n<\/div>\r\n<p>\r\n\r\n<\/div>\r\n<p>\r\n\r\n<\/div><\/div>\r\n<p>\r\n<\/p>\r\n&#13;\r\n&#13;\r\n<h3 class=\"wp-block-heading\">Vorteile der unterirdischen Bew\u00e4sserung<\/h3>&#13;\r\n<p>&#13;\r\n<\/p><\/p>\r\n&#13;\r\n&#13;\r\n<ul class=\"wp-block-list\"><li><strong>Wassereinsparung<\/strong>. Indem das Abdriften (\u00dcberschneidung von Bew\u00e4sserungsbereichen, die bei der Besprengung \u00e4u\u00dferst \u00fcblich ist) vermieden wird, wird eine Bew\u00e4sserungseffizienz von 90% erzielt. Bei der Sprinklerbew\u00e4sserung wird dagegen zwischen 30-70% Wasser gespart.<\/li>&#13;\r\n<\/ul><p>&#13;\r\n<\/p><\/p>\r\n&#13;\r\n&#13;\r\n<ul class=\"wp-block-list\"><li><strong>Weniger Reparaturen. <\/strong>Die Langlebigkeit der Anlage ist h\u00f6her, da es weniger Probleme zu reparieren gibt, da die Elemente verborgen sind und keine St\u00f6\u00dfe erleiden.<\/li>&#13;\r\n<\/ul><p>&#13;\r\n<\/p><\/p>\r\n&#13;\r\n&#13;\r\n<ul class=\"wp-block-list\"><li><strong>Bessere \u00c4sthetik.<\/strong> Da die Anlage nicht sichtbar ist, verunsch\u00f6nt sie nicht die Landschaft. Daher ist sie \u00e4sthetisch und gleichzeitig nachhaltig. Da die Anlage nicht sichtbar ist, verunsch\u00f6nt sie nicht die Landschaft. Daher ist sie \u00e4sthetisch und gleichzeitig nachhaltig.<\/li>&#13;\r\n<\/ul><p>&#13;\r\n<\/p><\/p>\r\n<div class=\"wp-block-image\">&#13;\r\n&#13;\r\n<figure class=\"aligncenter size-large is-resized\"><img loading=\"lazy\" decoding=\"async\" src=\"http:\/\/greener.rwdesarrollos.es\/wp-content\/uploads\/2022\/06\/PHOTO-2022-05-20-10-30-221-1024x768.jpg\" alt=\"\" class=\"wp-image-8340\" width=\"768\" height=\"576\" srcset=\"https:\/\/greener.rwdesarrollos.es\/wp-content\/uploads\/2022\/06\/PHOTO-2022-05-20-10-30-221-1024x768.jpg 1024w, https:\/\/greener.rwdesarrollos.es\/wp-content\/uploads\/2022\/06\/PHOTO-2022-05-20-10-30-221-300x225.jpg 300w, https:\/\/greener.rwdesarrollos.es\/wp-content\/uploads\/2022\/06\/PHOTO-2022-05-20-10-30-221-768x576.jpg 768w, https:\/\/greener.rwdesarrollos.es\/wp-content\/uploads\/2022\/06\/PHOTO-2022-05-20-10-30-221-1536x1152.jpg 1536w, https:\/\/greener.rwdesarrollos.es\/wp-content\/uploads\/2022\/06\/PHOTO-2022-05-20-10-30-221.jpg 2048w\" sizes=\"auto, (max-width: 768px) 100vw, 768px\" \/><\/figure><p>&#13;\r\n<\/p><\/div>\r\n&#13;\r\n&#13;\r\n<h3 class=\"wp-block-heading\">Vorteile der Fernprogrammierung<\/h3>&#13;\r\n<p>&#13;\r\n<\/p><\/p>\r\n&#13;\r\n&#13;\r\n<ul class=\"wp-block-list\"><li><strong>Per Satellit verbunden.<\/strong> Da die Anlage per Fernsteuerung programmiert wird, kann sie je nach Wasserbedarf \u00fcber das Internet reguliert und umprogrammiert werden.<\/li>&#13;\r\n<\/ul><p>&#13;\r\n<\/p><\/p>\r\n&#13;\r\n&#13;\r\n<h4 class=\"has-text-align-center wp-block-heading\">Was halten Sie von diesem Projekt?<\/h4>&#13;\r\n<p>&#13;\r\n<\/p>&#13;\r\nWenn Sie sich an einem so besonderen Garten erfreuen m\u00f6chten, wie dem, den wir hier vorgestellt haben, schreiben Sie uns an <a href=\"mailto:greener@greener.com\">greener@greener.com<\/a> Wir beraten Sie gerne.&#13;\r\n<p>&#13;\r\n<\/p><\/p>\r\n&#13;\r\n&#13;\r\n<h5 class=\"wp-block-heading\">\u00a0<\/h5>&#13;\r\n<p>&#13;\r\n<\/p><p>[\/vc_column_text][\/vc_column][\/vc_row]<\/p>\r\n","protected":false},"excerpt":{"rendered":"<p>[vc_row][vc_column][vc_column_text] &#13; &#13; &#13; &#13; Nachhaltigkeit und Gr\u00fcn als Hauptdarsteller. Zwei Pr\u00e4missen, die bei diesem Projekt ganz klar waren. Au\u00dferdem sollte es Ruhe und ein mediterranes Flair ausstrahlen.&#13; &#13; &#13; &#13; Das Ergebnis? Ein gem\u00fctlicher, \u00f6kologischer und moderner Garten. Wenn Sie all seine Details erkunden m\u00f6chten, verpassen Sie nicht diesen Post! &#13; &#13; &#13; &#13; [&hellip;]<\/p>\n","protected":false},"author":1,"featured_media":8700,"comment_status":"closed","ping_status":"closed","sticky":false,"template":"","format":"standard","meta":{"footnotes":""},"categories":[277,276,282],"tags":[284,280,283],"class_list":["post-8642","post","type-post","status-publish","format-standard","has-post-thumbnail","hentry","category-garten","category-nachhaltigkeit","category-platz-im-freien","tag-gaerten","tag-nachhaltigkeit","tag-rasen"],"yoast_head":"<!-- This site is optimized with the Yoast SEO plugin v19.8 - https:\/\/yoast.com\/wordpress\/plugins\/seo\/ -->\n<title>Jardines Greener: einzigartige R\u00e4ume | Greener, empresa de jardiner\u00eda en Mallorca<\/title>\n<meta name=\"robots\" content=\"noindex, follow, max-snippet:-1, max-image-preview:large, max-video-preview:-1\" \/>\n<meta property=\"og:locale\" content=\"de_DE\" \/>\n<meta property=\"og:type\" content=\"article\" \/>\n<meta property=\"og:title\" content=\"Jardines Greener: einzigartige R\u00e4ume | Greener, empresa de jardiner\u00eda en Mallorca\" \/>\n<meta property=\"og:description\" content=\"[vc_row][vc_column][vc_column_text] &#013; &#013; &#013; &#013; Nachhaltigkeit und Gr\u00fcn als Hauptdarsteller. Zwei Pr\u00e4missen, die bei diesem Projekt ganz klar waren. Au\u00dferdem sollte es Ruhe und ein mediterranes Flair ausstrahlen.&#013; &#013; &#013; &#013; Das Ergebnis? Ein gem\u00fctlicher, \u00f6kologischer und moderner Garten. Wenn Sie all seine Details erkunden m\u00f6chten, verpassen Sie nicht diesen Post! &#013; &#013; &#013; &#013; [&hellip;]\" \/>\n<meta property=\"og:url\" content=\"https:\/\/greener.rwdesarrollos.es\/de\/jardines-greener-einzigartige-raeume\/\" \/>\n<meta property=\"og:site_name\" content=\"Greener, empresa de jardiner\u00eda en Mallorca\" \/>\n<meta property=\"article:published_time\" content=\"2022-06-16T09:44:32+00:00\" \/>\n<meta property=\"article:modified_time\" content=\"2022-06-29T09:42:25+00:00\" \/>\n<meta property=\"og:image\" content=\"https:\/\/greener.rwdesarrollos.es\/wp-content\/uploads\/2022\/06\/03-Greener-espacios-unicos-2.jpg\" \/>\n\t<meta property=\"og:image:width\" content=\"870\" \/>\n\t<meta property=\"og:image:height\" content=\"550\" \/>\n\t<meta property=\"og:image:type\" content=\"image\/jpeg\" \/>\n<meta name=\"author\" content=\"greener-rwadmin\" \/>\n<meta name=\"twitter:card\" content=\"summary_large_image\" \/>\n<meta name=\"twitter:label1\" content=\"Verfasst von\" \/>\n\t<meta name=\"twitter:data1\" content=\"greener-rwadmin\" \/>\n\t<meta name=\"twitter:label2\" content=\"Gesch\u00e4tzte Lesezeit\" \/>\n\t<meta name=\"twitter:data2\" content=\"2\u00a0Minuten\" \/>\n<script type=\"application\/ld+json\" class=\"yoast-schema-graph\">{\"@context\":\"https:\/\/schema.org\",\"@graph\":[{\"@type\":\"Article\",\"@id\":\"https:\/\/greener.rwdesarrollos.es\/de\/jardines-greener-einzigartige-raeume\/#article\",\"isPartOf\":{\"@id\":\"https:\/\/greener.rwdesarrollos.es\/de\/jardines-greener-einzigartige-raeume\/\"},\"author\":{\"name\":\"greener-rwadmin\",\"@id\":\"https:\/\/greener.rwdesarrollos.es\/#\/schema\/person\/baf771cc446c78569c01efbf70346a94\"},\"headline\":\"Jardines Greener: einzigartige R\u00e4ume\",\"datePublished\":\"2022-06-16T09:44:32+00:00\",\"dateModified\":\"2022-06-29T09:42:25+00:00\",\"mainEntityOfPage\":{\"@id\":\"https:\/\/greener.rwdesarrollos.es\/de\/jardines-greener-einzigartige-raeume\/\"},\"wordCount\":334,\"publisher\":{\"@id\":\"https:\/\/greener.rwdesarrollos.es\/#organization\"},\"keywords\":[\"G\u00e4rten\",\"Nachhaltigkeit\",\"Rasen\"],\"articleSection\":[\"G\u00e4rten\",\"Nachhaltigkeit\",\"Platz im Freien\"],\"inLanguage\":\"de\"},{\"@type\":\"WebPage\",\"@id\":\"https:\/\/greener.rwdesarrollos.es\/de\/jardines-greener-einzigartige-raeume\/\",\"url\":\"https:\/\/greener.rwdesarrollos.es\/de\/jardines-greener-einzigartige-raeume\/\",\"name\":\"Jardines Greener: einzigartige R\u00e4ume | Greener, empresa de jardiner\u00eda en Mallorca\",\"isPartOf\":{\"@id\":\"https:\/\/greener.rwdesarrollos.es\/#website\"},\"datePublished\":\"2022-06-16T09:44:32+00:00\",\"dateModified\":\"2022-06-29T09:42:25+00:00\",\"breadcrumb\":{\"@id\":\"https:\/\/greener.rwdesarrollos.es\/de\/jardines-greener-einzigartige-raeume\/#breadcrumb\"},\"inLanguage\":\"de\",\"potentialAction\":[{\"@type\":\"ReadAction\",\"target\":[\"https:\/\/greener.rwdesarrollos.es\/de\/jardines-greener-einzigartige-raeume\/\"]}]},{\"@type\":\"BreadcrumbList\",\"@id\":\"https:\/\/greener.rwdesarrollos.es\/de\/jardines-greener-einzigartige-raeume\/#breadcrumb\",\"itemListElement\":[{\"@type\":\"ListItem\",\"position\":1,\"name\":\"Portada\",\"item\":\"https:\/\/greener.rwdesarrollos.es\/de\/\"},{\"@type\":\"ListItem\",\"position\":2,\"name\":\"Jardines Greener: einzigartige R\u00e4ume\"}]},{\"@type\":\"WebSite\",\"@id\":\"https:\/\/greener.rwdesarrollos.es\/#website\",\"url\":\"https:\/\/greener.rwdesarrollos.es\/\",\"name\":\"Greener, empresa de jardiner\u00eda en Mallorca\",\"description\":\"Greener, empresa de jardiner\u00eda en Mallorca\",\"publisher\":{\"@id\":\"https:\/\/greener.rwdesarrollos.es\/#organization\"},\"potentialAction\":[{\"@type\":\"SearchAction\",\"target\":{\"@type\":\"EntryPoint\",\"urlTemplate\":\"https:\/\/greener.rwdesarrollos.es\/?s={search_term_string}\"},\"query-input\":\"required name=search_term_string\"}],\"inLanguage\":\"de\"},{\"@type\":\"Organization\",\"@id\":\"https:\/\/greener.rwdesarrollos.es\/#organization\",\"name\":\"Greener\",\"url\":\"https:\/\/greener.rwdesarrollos.es\/\",\"sameAs\":[],\"logo\":{\"@type\":\"ImageObject\",\"inLanguage\":\"de\",\"@id\":\"https:\/\/greener.rwdesarrollos.es\/#\/schema\/logo\/image\/\",\"url\":\"http:\/\/greener.rwdesarrollos.es\/wp-content\/uploads\/2022\/04\/greener-logo-bk-img.png\",\"contentUrl\":\"http:\/\/greener.rwdesarrollos.es\/wp-content\/uploads\/2022\/04\/greener-logo-bk-img.png\",\"width\":298,\"height\":70,\"caption\":\"Greener\"},\"image\":{\"@id\":\"https:\/\/greener.rwdesarrollos.es\/#\/schema\/logo\/image\/\"}},{\"@type\":\"Person\",\"@id\":\"https:\/\/greener.rwdesarrollos.es\/#\/schema\/person\/baf771cc446c78569c01efbf70346a94\",\"name\":\"greener-rwadmin\",\"image\":{\"@type\":\"ImageObject\",\"inLanguage\":\"de\",\"@id\":\"https:\/\/greener.rwdesarrollos.es\/#\/schema\/person\/image\/\",\"url\":\"https:\/\/secure.gravatar.com\/avatar\/89d23327846c31e74c280d4ed4a996d27611d1a9c0e3b329e2328540b63545d6?s=96&d=mm&r=g\",\"contentUrl\":\"https:\/\/secure.gravatar.com\/avatar\/89d23327846c31e74c280d4ed4a996d27611d1a9c0e3b329e2328540b63545d6?s=96&d=mm&r=g\",\"caption\":\"greener-rwadmin\"},\"sameAs\":[\"http:\/\/greener.rwdesarrollos.es\"],\"url\":\"https:\/\/greener.rwdesarrollos.es\/de\/author\/greener-rwadmin\/\"}]}<\/script>\n<!-- \/ Yoast SEO plugin. -->","yoast_head_json":{"title":"Jardines Greener: einzigartige R\u00e4ume | Greener, empresa de jardiner\u00eda en Mallorca","robots":{"index":"noindex","follow":"follow","max-snippet":"max-snippet:-1","max-image-preview":"max-image-preview:large","max-video-preview":"max-video-preview:-1"},"og_locale":"de_DE","og_type":"article","og_title":"Jardines Greener: einzigartige R\u00e4ume | Greener, empresa de jardiner\u00eda en Mallorca","og_description":"[vc_row][vc_column][vc_column_text] &#13; &#13; &#13; &#13; Nachhaltigkeit und Gr\u00fcn als Hauptdarsteller. Zwei Pr\u00e4missen, die bei diesem Projekt ganz klar waren. Au\u00dferdem sollte es Ruhe und ein mediterranes Flair ausstrahlen.&#13; &#13; &#13; &#13; Das Ergebnis? Ein gem\u00fctlicher, \u00f6kologischer und moderner Garten. Wenn Sie all seine Details erkunden m\u00f6chten, verpassen Sie nicht diesen Post! &#13; &#13; &#13; &#13; [&hellip;]","og_url":"https:\/\/greener.rwdesarrollos.es\/de\/jardines-greener-einzigartige-raeume\/","og_site_name":"Greener, empresa de jardiner\u00eda en Mallorca","article_published_time":"2022-06-16T09:44:32+00:00","article_modified_time":"2022-06-29T09:42:25+00:00","og_image":[{"width":870,"height":550,"url":"https:\/\/greener.rwdesarrollos.es\/wp-content\/uploads\/2022\/06\/03-Greener-espacios-unicos-2.jpg","type":"image\/jpeg"}],"author":"greener-rwadmin","twitter_card":"summary_large_image","twitter_misc":{"Verfasst von":"greener-rwadmin","Gesch\u00e4tzte Lesezeit":"2\u00a0Minuten"},"schema":{"@context":"https:\/\/schema.org","@graph":[{"@type":"Article","@id":"https:\/\/greener.rwdesarrollos.es\/de\/jardines-greener-einzigartige-raeume\/#article","isPartOf":{"@id":"https:\/\/greener.rwdesarrollos.es\/de\/jardines-greener-einzigartige-raeume\/"},"author":{"name":"greener-rwadmin","@id":"https:\/\/greener.rwdesarrollos.es\/#\/schema\/person\/baf771cc446c78569c01efbf70346a94"},"headline":"Jardines Greener: einzigartige R\u00e4ume","datePublished":"2022-06-16T09:44:32+00:00","dateModified":"2022-06-29T09:42:25+00:00","mainEntityOfPage":{"@id":"https:\/\/greener.rwdesarrollos.es\/de\/jardines-greener-einzigartige-raeume\/"},"wordCount":334,"publisher":{"@id":"https:\/\/greener.rwdesarrollos.es\/#organization"},"keywords":["G\u00e4rten","Nachhaltigkeit","Rasen"],"articleSection":["G\u00e4rten","Nachhaltigkeit","Platz im Freien"],"inLanguage":"de"},{"@type":"WebPage","@id":"https:\/\/greener.rwdesarrollos.es\/de\/jardines-greener-einzigartige-raeume\/","url":"https:\/\/greener.rwdesarrollos.es\/de\/jardines-greener-einzigartige-raeume\/","name":"Jardines Greener: einzigartige R\u00e4ume | Greener, empresa de jardiner\u00eda en Mallorca","isPartOf":{"@id":"https:\/\/greener.rwdesarrollos.es\/#website"},"datePublished":"2022-06-16T09:44:32+00:00","dateModified":"2022-06-29T09:42:25+00:00","breadcrumb":{"@id":"https:\/\/greener.rwdesarrollos.es\/de\/jardines-greener-einzigartige-raeume\/#breadcrumb"},"inLanguage":"de","potentialAction":[{"@type":"ReadAction","target":["https:\/\/greener.rwdesarrollos.es\/de\/jardines-greener-einzigartige-raeume\/"]}]},{"@type":"BreadcrumbList","@id":"https:\/\/greener.rwdesarrollos.es\/de\/jardines-greener-einzigartige-raeume\/#breadcrumb","itemListElement":[{"@type":"ListItem","position":1,"name":"Portada","item":"https:\/\/greener.rwdesarrollos.es\/de\/"},{"@type":"ListItem","position":2,"name":"Jardines Greener: einzigartige R\u00e4ume"}]},{"@type":"WebSite","@id":"https:\/\/greener.rwdesarrollos.es\/#website","url":"https:\/\/greener.rwdesarrollos.es\/","name":"Greener, empresa de jardiner\u00eda en Mallorca","description":"Greener, empresa de jardiner\u00eda en Mallorca","publisher":{"@id":"https:\/\/greener.rwdesarrollos.es\/#organization"},"potentialAction":[{"@type":"SearchAction","target":{"@type":"EntryPoint","urlTemplate":"https:\/\/greener.rwdesarrollos.es\/?s={search_term_string}"},"query-input":"required name=search_term_string"}],"inLanguage":"de"},{"@type":"Organization","@id":"https:\/\/greener.rwdesarrollos.es\/#organization","name":"Greener","url":"https:\/\/greener.rwdesarrollos.es\/","sameAs":[],"logo":{"@type":"ImageObject","inLanguage":"de","@id":"https:\/\/greener.rwdesarrollos.es\/#\/schema\/logo\/image\/","url":"http:\/\/greener.rwdesarrollos.es\/wp-content\/uploads\/2022\/04\/greener-logo-bk-img.png","contentUrl":"http:\/\/greener.rwdesarrollos.es\/wp-content\/uploads\/2022\/04\/greener-logo-bk-img.png","width":298,"height":70,"caption":"Greener"},"image":{"@id":"https:\/\/greener.rwdesarrollos.es\/#\/schema\/logo\/image\/"}},{"@type":"Person","@id":"https:\/\/greener.rwdesarrollos.es\/#\/schema\/person\/baf771cc446c78569c01efbf70346a94","name":"greener-rwadmin","image":{"@type":"ImageObject","inLanguage":"de","@id":"https:\/\/greener.rwdesarrollos.es\/#\/schema\/person\/image\/","url":"https:\/\/secure.gravatar.com\/avatar\/89d23327846c31e74c280d4ed4a996d27611d1a9c0e3b329e2328540b63545d6?s=96&d=mm&r=g","contentUrl":"https:\/\/secure.gravatar.com\/avatar\/89d23327846c31e74c280d4ed4a996d27611d1a9c0e3b329e2328540b63545d6?s=96&d=mm&r=g","caption":"greener-rwadmin"},"sameAs":["http:\/\/greener.rwdesarrollos.es"],"url":"https:\/\/greener.rwdesarrollos.es\/de\/author\/greener-rwadmin\/"}]}},"_links":{"self":[{"href":"https:\/\/greener.rwdesarrollos.es\/de\/wp-json\/wp\/v2\/posts\/8642","targetHints":{"allow":["GET"]}}],"collection":[{"href":"https:\/\/greener.rwdesarrollos.es\/de\/wp-json\/wp\/v2\/posts"}],"about":[{"href":"https:\/\/greener.rwdesarrollos.es\/de\/wp-json\/wp\/v2\/types\/post"}],"author":[{"embeddable":true,"href":"https:\/\/greener.rwdesarrollos.es\/de\/wp-json\/wp\/v2\/users\/1"}],"replies":[{"embeddable":true,"href":"https:\/\/greener.rwdesarrollos.es\/de\/wp-json\/wp\/v2\/comments?post=8642"}],"version-history":[{"count":5,"href":"https:\/\/greener.rwdesarrollos.es\/de\/wp-json\/wp\/v2\/posts\/8642\/revisions"}],"predecessor-version":[{"id":8647,"href":"https:\/\/greener.rwdesarrollos.es\/de\/wp-json\/wp\/v2\/posts\/8642\/revisions\/8647"}],"wp:featuredmedia":[{"embeddable":true,"href":"https:\/\/greener.rwdesarrollos.es\/de\/wp-json\/wp\/v2\/media\/8700"}],"wp:attachment":[{"href":"https:\/\/greener.rwdesarrollos.es\/de\/wp-json\/wp\/v2\/media?parent=8642"}],"wp:term":[{"taxonomy":"category","embeddable":true,"href":"https:\/\/greener.rwdesarrollos.es\/de\/wp-json\/wp\/v2\/categories?post=8642"},{"taxonomy":"post_tag","embeddable":true,"href":"https:\/\/greener.rwdesarrollos.es\/de\/wp-json\/wp\/v2\/tags?post=8642"}],"curies":[{"name":"wp","href":"https:\/\/api.w.org\/{rel}","templated":true}]}}