{"id":8144,"date":"2022-06-10T04:09:00","date_gmt":"2022-06-10T02:09:00","guid":{"rendered":"http:\/\/greener.rwdesarrollos.es\/audio-post-example\/"},"modified":"2022-06-29T10:27:53","modified_gmt":"2022-06-29T08:27:53","slug":"audio-post-example","status":"publish","type":"post","link":"https:\/\/greener.rwdesarrollos.es\/en\/audio-post-example\/","title":{"rendered":"We are certified in accordance with ISO 14001"},"content":{"rendered":"<p>[vc_row][vc_column][vc_column_text]<\/p>\n&#13;\n<h3 class=\"wp-block-heading\">Do you know what it is?<\/h3>&#13;\n<p><\/p>Ante la preocupaci\u00f3n mundial por el medio ambiente, la Organizaci\u00f3n Internacional de Normalizaci\u00f3n (ISO) impuls\u00f3 la creaci\u00f3n de una norma internacional como referencia de compromiso ambiental. Surgi\u00f3 as\u00ed la normativa ISO 14001, la cual supone una herramienta com\u00fan para unificar compromisos y evaluar los esfuerzos de las organizaciones que protegen el medio ambiente.&#13;\n<p><\/p><p><\/p>\n<div class=\"wp-block-image wp-image-8292 size-large\">&#13;\n<figure class=\"aligncenter\"><img loading=\"lazy\" decoding=\"async\" width=\"1024\" height=\"586\" src=\"http:\/\/greener.rwdesarrollos.es\/wp-content\/uploads\/2018\/02\/noah-buscher-x8ZStukS2PM-unsplash-1024x586.jpg\" alt=\"Environment\" class=\"wp-image-8292\" srcset=\"https:\/\/greener.rwdesarrollos.es\/wp-content\/uploads\/2018\/02\/noah-buscher-x8ZStukS2PM-unsplash-1024x586.jpg 1024w, https:\/\/greener.rwdesarrollos.es\/wp-content\/uploads\/2018\/02\/noah-buscher-x8ZStukS2PM-unsplash-300x172.jpg 300w, https:\/\/greener.rwdesarrollos.es\/wp-content\/uploads\/2018\/02\/noah-buscher-x8ZStukS2PM-unsplash-768x440.jpg 768w, https:\/\/greener.rwdesarrollos.es\/wp-content\/uploads\/2018\/02\/noah-buscher-x8ZStukS2PM-unsplash-1536x880.jpg 1536w, https:\/\/greener.rwdesarrollos.es\/wp-content\/uploads\/2018\/02\/noah-buscher-x8ZStukS2PM-unsplash-2048x1173.jpg 2048w\" sizes=\"auto, (max-width: 1024px) 100vw, 1024px\" \/><figcaption>Source: unsplash.com<\/figcaption><\/figure><p><\/p><\/div><p><\/p>\n&#13;\n<h3 class=\"wp-block-heading\">Objective<\/h3>&#13;\n<p><\/p>El sistema de gesti\u00f3n ambiental basado en la norma UNE EN\u00a0 ISO 14001 se basa principalmente en los siguientes bloques:&#13;\n<p><\/p>a) Controlar la legislaci\u00f3n vigente a nivel ambiental y su cumplimiento.&#13;\n<p><\/p>b) Establecer medidas de prevenci\u00f3n, control y monitorizaci\u00f3n ambiental en los procesos productivos.&#13;\n<p><\/p>c) Se encarga de establecer objetivos y metas ambientales.&#13;\n<p><\/p><p><\/p>\n&#13;\n<h3 class=\"wp-block-heading\">Its importance<\/h3>&#13;\n<p><\/p>Tiene, por tanto, como finalidad la disminuci\u00f3n de los riesgos ambientales, prevenir la contaminaci\u00f3n y minimizar los impactos ambientales de las empresas.&#13;\n<p><\/p>Este certificado se compromete con el Medio Ambiente y va m\u00e1s all\u00e1 de la manifestaci\u00f3n de buenas intenciones. El cumplimiento de la ISO 14001 se traduce en hechos demostrables.&#13;\n<p><\/p><p><\/p>\n&#13;\n<h3 class=\"wp-block-heading\">The actions we take to guarantee compliance<\/h3>&#13;\n<p><\/p>Greener dispone de una certificaci\u00f3n ambiental basada en la norma UNE EN ISO 14001:2015 avalada por la entidad de acreditaci\u00f3n Bureau Veritas.&#13;\n<p><\/p>Dentro de nuestro sistema de gesti\u00f3n disponemos de controles, objetivos y pautas de trabajo con criterios ambientales; as\u00ed mismo, disponemos de maquinaria eficiente y sostenible que genera un menor impacto (contaminaci\u00f3n atmosf\u00e9rica y generaci\u00f3n de ruidos). Tambi\u00e9n aplicamos t\u00e9cnicas que permiten disminuir el consumo de recursos (tanto energ\u00e9ticos como h\u00eddricos) y trabajamos con productos biol\u00f3gicos.&#13;\n<p><\/p><p><\/p>\n&#13;\n<h4 class=\"wp-block-heading\">While we look after your garden, we take care of the planet.<\/h4>&#13;\n<p><\/p><p><\/p>\n&#13;\n<p class=\"has-text-align-center\"><a href=\"http:\/\/greener.rwdesarrollos.es\/en\/contact\/\" target=\"_blank\" rel=\"noopener\">Tell us about your project <\/a><\/p>&#13;\n<p><\/p><p>[\/vc_column_text][\/vc_column][\/vc_row]<\/p>\n","protected":false},"excerpt":{"rendered":"<p>If it\u2019s rained for a couple of days, lay off on watering, make sure your planters have drainage.<\/p>\n","protected":false},"author":1,"featured_media":8696,"comment_status":"closed","ping_status":"closed","sticky":false,"template":"","format":"standard","meta":{"footnotes":""},"categories":[264,266],"tags":[271,269,270],"class_list":["post-8144","post","type-post","status-publish","format-standard","has-post-thumbnail","hentry","category-medioambiente-en","category-sostenibilidad-en","tag-certified","tag-environment","tag-sustainability"],"yoast_head":"<!-- This site is optimized with the Yoast SEO plugin v19.8 - https:\/\/yoast.com\/wordpress\/plugins\/seo\/ -->\n<title>We are certified in accordance with ISO 14001 | Greener, empresa de jardiner\u00eda en Mallorca<\/title>\n<meta name=\"robots\" content=\"noindex, follow, max-snippet:-1, max-image-preview:large, max-video-preview:-1\" \/>\n<meta property=\"og:locale\" content=\"en_US\" \/>\n<meta property=\"og:type\" content=\"article\" \/>\n<meta property=\"og:title\" content=\"We are certified in accordance with ISO 14001 | Greener, empresa de jardiner\u00eda en Mallorca\" \/>\n<meta property=\"og:description\" content=\"If it\u2019s rained for a couple of days, lay off on watering, make sure your planters have drainage.\" \/>\n<meta property=\"og:url\" content=\"https:\/\/greener.rwdesarrollos.es\/en\/audio-post-example\/\" \/>\n<meta property=\"og:site_name\" content=\"Greener, empresa de jardiner\u00eda en Mallorca\" \/>\n<meta property=\"article:published_time\" content=\"2022-06-10T02:09:00+00:00\" \/>\n<meta property=\"article:modified_time\" content=\"2022-06-29T08:27:53+00:00\" \/>\n<meta property=\"og:image\" content=\"https:\/\/greener.rwdesarrollos.es\/wp-content\/uploads\/2022\/06\/02-Greener-certificado-ISO-2.jpg\" \/>\n\t<meta property=\"og:image:width\" content=\"870\" \/>\n\t<meta property=\"og:image:height\" content=\"550\" \/>\n\t<meta property=\"og:image:type\" content=\"image\/jpeg\" \/>\n<meta name=\"author\" content=\"greener-rwadmin\" \/>\n<meta name=\"twitter:card\" content=\"summary_large_image\" \/>\n<meta name=\"twitter:label1\" content=\"Written by\" \/>\n\t<meta name=\"twitter:data1\" content=\"greener-rwadmin\" \/>\n\t<meta name=\"twitter:label2\" content=\"Est. reading time\" \/>\n\t<meta name=\"twitter:data2\" content=\"2 minutes\" \/>\n<script type=\"application\/ld+json\" class=\"yoast-schema-graph\">{\"@context\":\"https:\/\/schema.org\",\"@graph\":[{\"@type\":\"Article\",\"@id\":\"https:\/\/greener.rwdesarrollos.es\/en\/audio-post-example\/#article\",\"isPartOf\":{\"@id\":\"https:\/\/greener.rwdesarrollos.es\/en\/audio-post-example\/\"},\"author\":{\"name\":\"greener-rwadmin\",\"@id\":\"https:\/\/greener.rwdesarrollos.es\/de\/#\/schema\/person\/baf771cc446c78569c01efbf70346a94\"},\"headline\":\"We are certified in accordance with ISO 14001\",\"datePublished\":\"2022-06-10T02:09:00+00:00\",\"dateModified\":\"2022-06-29T08:27:53+00:00\",\"mainEntityOfPage\":{\"@id\":\"https:\/\/greener.rwdesarrollos.es\/en\/audio-post-example\/\"},\"wordCount\":311,\"publisher\":{\"@id\":\"https:\/\/greener.rwdesarrollos.es\/de\/#organization\"},\"keywords\":[\"certified\",\"environment\",\"sustainability\"],\"articleSection\":[\"Medioambiente\",\"Sostenibilidad\"],\"inLanguage\":\"en-US\"},{\"@type\":\"WebPage\",\"@id\":\"https:\/\/greener.rwdesarrollos.es\/en\/audio-post-example\/\",\"url\":\"https:\/\/greener.rwdesarrollos.es\/en\/audio-post-example\/\",\"name\":\"We are certified in accordance with ISO 14001 | Greener, empresa de jardiner\u00eda en Mallorca\",\"isPartOf\":{\"@id\":\"https:\/\/greener.rwdesarrollos.es\/de\/#website\"},\"datePublished\":\"2022-06-10T02:09:00+00:00\",\"dateModified\":\"2022-06-29T08:27:53+00:00\",\"breadcrumb\":{\"@id\":\"https:\/\/greener.rwdesarrollos.es\/en\/audio-post-example\/#breadcrumb\"},\"inLanguage\":\"en-US\",\"potentialAction\":[{\"@type\":\"ReadAction\",\"target\":[\"https:\/\/greener.rwdesarrollos.es\/en\/audio-post-example\/\"]}]},{\"@type\":\"BreadcrumbList\",\"@id\":\"https:\/\/greener.rwdesarrollos.es\/en\/audio-post-example\/#breadcrumb\",\"itemListElement\":[{\"@type\":\"ListItem\",\"position\":1,\"name\":\"Portada\",\"item\":\"https:\/\/greener.rwdesarrollos.es\/en\/\"},{\"@type\":\"ListItem\",\"position\":2,\"name\":\"We are certified in accordance with ISO 14001\"}]},{\"@type\":\"WebSite\",\"@id\":\"https:\/\/greener.rwdesarrollos.es\/de\/#website\",\"url\":\"https:\/\/greener.rwdesarrollos.es\/de\/\",\"name\":\"Greener, empresa de jardiner\u00eda en Mallorca\",\"description\":\"Greener, empresa de jardiner\u00eda en Mallorca\",\"publisher\":{\"@id\":\"https:\/\/greener.rwdesarrollos.es\/de\/#organization\"},\"potentialAction\":[{\"@type\":\"SearchAction\",\"target\":{\"@type\":\"EntryPoint\",\"urlTemplate\":\"https:\/\/greener.rwdesarrollos.es\/de\/?s={search_term_string}\"},\"query-input\":\"required name=search_term_string\"}],\"inLanguage\":\"en-US\"},{\"@type\":\"Organization\",\"@id\":\"https:\/\/greener.rwdesarrollos.es\/de\/#organization\",\"name\":\"Greener\",\"url\":\"https:\/\/greener.rwdesarrollos.es\/de\/\",\"sameAs\":[],\"logo\":{\"@type\":\"ImageObject\",\"inLanguage\":\"en-US\",\"@id\":\"https:\/\/greener.rwdesarrollos.es\/de\/#\/schema\/logo\/image\/\",\"url\":\"http:\/\/greener.rwdesarrollos.es\/wp-content\/uploads\/2022\/04\/greener-logo-bk-img.png\",\"contentUrl\":\"http:\/\/greener.rwdesarrollos.es\/wp-content\/uploads\/2022\/04\/greener-logo-bk-img.png\",\"width\":298,\"height\":70,\"caption\":\"Greener\"},\"image\":{\"@id\":\"https:\/\/greener.rwdesarrollos.es\/de\/#\/schema\/logo\/image\/\"}},{\"@type\":\"Person\",\"@id\":\"https:\/\/greener.rwdesarrollos.es\/de\/#\/schema\/person\/baf771cc446c78569c01efbf70346a94\",\"name\":\"greener-rwadmin\",\"image\":{\"@type\":\"ImageObject\",\"inLanguage\":\"en-US\",\"@id\":\"https:\/\/greener.rwdesarrollos.es\/de\/#\/schema\/person\/image\/\",\"url\":\"https:\/\/secure.gravatar.com\/avatar\/89d23327846c31e74c280d4ed4a996d27611d1a9c0e3b329e2328540b63545d6?s=96&d=mm&r=g\",\"contentUrl\":\"https:\/\/secure.gravatar.com\/avatar\/89d23327846c31e74c280d4ed4a996d27611d1a9c0e3b329e2328540b63545d6?s=96&d=mm&r=g\",\"caption\":\"greener-rwadmin\"},\"sameAs\":[\"http:\/\/greener.rwdesarrollos.es\"],\"url\":\"https:\/\/greener.rwdesarrollos.es\/en\/author\/greener-rwadmin\/\"}]}<\/script>\n<!-- \/ Yoast SEO plugin. -->","yoast_head_json":{"title":"We are certified in accordance with ISO 14001 | Greener, empresa de jardiner\u00eda en Mallorca","robots":{"index":"noindex","follow":"follow","max-snippet":"max-snippet:-1","max-image-preview":"max-image-preview:large","max-video-preview":"max-video-preview:-1"},"og_locale":"en_US","og_type":"article","og_title":"We are certified in accordance with ISO 14001 | Greener, empresa de jardiner\u00eda en Mallorca","og_description":"If it\u2019s rained for a couple of days, lay off on watering, make sure your planters have drainage.","og_url":"https:\/\/greener.rwdesarrollos.es\/en\/audio-post-example\/","og_site_name":"Greener, empresa de jardiner\u00eda en Mallorca","article_published_time":"2022-06-10T02:09:00+00:00","article_modified_time":"2022-06-29T08:27:53+00:00","og_image":[{"width":870,"height":550,"url":"https:\/\/greener.rwdesarrollos.es\/wp-content\/uploads\/2022\/06\/02-Greener-certificado-ISO-2.jpg","type":"image\/jpeg"}],"author":"greener-rwadmin","twitter_card":"summary_large_image","twitter_misc":{"Written by":"greener-rwadmin","Est. reading time":"2 minutes"},"schema":{"@context":"https:\/\/schema.org","@graph":[{"@type":"Article","@id":"https:\/\/greener.rwdesarrollos.es\/en\/audio-post-example\/#article","isPartOf":{"@id":"https:\/\/greener.rwdesarrollos.es\/en\/audio-post-example\/"},"author":{"name":"greener-rwadmin","@id":"https:\/\/greener.rwdesarrollos.es\/de\/#\/schema\/person\/baf771cc446c78569c01efbf70346a94"},"headline":"We are certified in accordance with ISO 14001","datePublished":"2022-06-10T02:09:00+00:00","dateModified":"2022-06-29T08:27:53+00:00","mainEntityOfPage":{"@id":"https:\/\/greener.rwdesarrollos.es\/en\/audio-post-example\/"},"wordCount":311,"publisher":{"@id":"https:\/\/greener.rwdesarrollos.es\/de\/#organization"},"keywords":["certified","environment","sustainability"],"articleSection":["Medioambiente","Sostenibilidad"],"inLanguage":"en-US"},{"@type":"WebPage","@id":"https:\/\/greener.rwdesarrollos.es\/en\/audio-post-example\/","url":"https:\/\/greener.rwdesarrollos.es\/en\/audio-post-example\/","name":"We are certified in accordance with ISO 14001 | Greener, empresa de jardiner\u00eda en Mallorca","isPartOf":{"@id":"https:\/\/greener.rwdesarrollos.es\/de\/#website"},"datePublished":"2022-06-10T02:09:00+00:00","dateModified":"2022-06-29T08:27:53+00:00","breadcrumb":{"@id":"https:\/\/greener.rwdesarrollos.es\/en\/audio-post-example\/#breadcrumb"},"inLanguage":"en-US","potentialAction":[{"@type":"ReadAction","target":["https:\/\/greener.rwdesarrollos.es\/en\/audio-post-example\/"]}]},{"@type":"BreadcrumbList","@id":"https:\/\/greener.rwdesarrollos.es\/en\/audio-post-example\/#breadcrumb","itemListElement":[{"@type":"ListItem","position":1,"name":"Portada","item":"https:\/\/greener.rwdesarrollos.es\/en\/"},{"@type":"ListItem","position":2,"name":"We are certified in accordance with ISO 14001"}]},{"@type":"WebSite","@id":"https:\/\/greener.rwdesarrollos.es\/de\/#website","url":"https:\/\/greener.rwdesarrollos.es\/de\/","name":"Greener, empresa de jardiner\u00eda en Mallorca","description":"Greener, empresa de jardiner\u00eda en Mallorca","publisher":{"@id":"https:\/\/greener.rwdesarrollos.es\/de\/#organization"},"potentialAction":[{"@type":"SearchAction","target":{"@type":"EntryPoint","urlTemplate":"https:\/\/greener.rwdesarrollos.es\/de\/?s={search_term_string}"},"query-input":"required name=search_term_string"}],"inLanguage":"en-US"},{"@type":"Organization","@id":"https:\/\/greener.rwdesarrollos.es\/de\/#organization","name":"Greener","url":"https:\/\/greener.rwdesarrollos.es\/de\/","sameAs":[],"logo":{"@type":"ImageObject","inLanguage":"en-US","@id":"https:\/\/greener.rwdesarrollos.es\/de\/#\/schema\/logo\/image\/","url":"http:\/\/greener.rwdesarrollos.es\/wp-content\/uploads\/2022\/04\/greener-logo-bk-img.png","contentUrl":"http:\/\/greener.rwdesarrollos.es\/wp-content\/uploads\/2022\/04\/greener-logo-bk-img.png","width":298,"height":70,"caption":"Greener"},"image":{"@id":"https:\/\/greener.rwdesarrollos.es\/de\/#\/schema\/logo\/image\/"}},{"@type":"Person","@id":"https:\/\/greener.rwdesarrollos.es\/de\/#\/schema\/person\/baf771cc446c78569c01efbf70346a94","name":"greener-rwadmin","image":{"@type":"ImageObject","inLanguage":"en-US","@id":"https:\/\/greener.rwdesarrollos.es\/de\/#\/schema\/person\/image\/","url":"https:\/\/secure.gravatar.com\/avatar\/89d23327846c31e74c280d4ed4a996d27611d1a9c0e3b329e2328540b63545d6?s=96&d=mm&r=g","contentUrl":"https:\/\/secure.gravatar.com\/avatar\/89d23327846c31e74c280d4ed4a996d27611d1a9c0e3b329e2328540b63545d6?s=96&d=mm&r=g","caption":"greener-rwadmin"},"sameAs":["http:\/\/greener.rwdesarrollos.es"],"url":"https:\/\/greener.rwdesarrollos.es\/en\/author\/greener-rwadmin\/"}]}},"_links":{"self":[{"href":"https:\/\/greener.rwdesarrollos.es\/en\/wp-json\/wp\/v2\/posts\/8144","targetHints":{"allow":["GET"]}}],"collection":[{"href":"https:\/\/greener.rwdesarrollos.es\/en\/wp-json\/wp\/v2\/posts"}],"about":[{"href":"https:\/\/greener.rwdesarrollos.es\/en\/wp-json\/wp\/v2\/types\/post"}],"author":[{"embeddable":true,"href":"https:\/\/greener.rwdesarrollos.es\/en\/wp-json\/wp\/v2\/users\/1"}],"replies":[{"embeddable":true,"href":"https:\/\/greener.rwdesarrollos.es\/en\/wp-json\/wp\/v2\/comments?post=8144"}],"version-history":[{"count":8,"href":"https:\/\/greener.rwdesarrollos.es\/en\/wp-json\/wp\/v2\/posts\/8144\/revisions"}],"predecessor-version":[{"id":8635,"href":"https:\/\/greener.rwdesarrollos.es\/en\/wp-json\/wp\/v2\/posts\/8144\/revisions\/8635"}],"wp:featuredmedia":[{"embeddable":true,"href":"https:\/\/greener.rwdesarrollos.es\/en\/wp-json\/wp\/v2\/media\/8696"}],"wp:attachment":[{"href":"https:\/\/greener.rwdesarrollos.es\/en\/wp-json\/wp\/v2\/media?parent=8144"}],"wp:term":[{"taxonomy":"category","embeddable":true,"href":"https:\/\/greener.rwdesarrollos.es\/en\/wp-json\/wp\/v2\/categories?post=8144"},{"taxonomy":"post_tag","embeddable":true,"href":"https:\/\/greener.rwdesarrollos.es\/en\/wp-json\/wp\/v2\/tags?post=8144"}],"curies":[{"name":"wp","href":"https:\/\/api.w.org\/{rel}","templated":true}]}}